{"id":177,"date":"2024-01-14T23:29:13","date_gmt":"2024-01-15T05:29:13","guid":{"rendered":"https:\/\/madeleinegalvan.teoriavirtual.com\/?p=177"},"modified":"2024-01-14T23:31:19","modified_gmt":"2024-01-15T05:31:19","slug":"lo-que-debemos-aprender-e-implementar-en-la-educacion-a-distancia-despues-de-la-pandemia-de-covid-19","status":"publish","type":"post","link":"https:\/\/madeleinegalvan.teoriavirtual.com\/index.php\/2024\/01\/14\/lo-que-debemos-aprender-e-implementar-en-la-educacion-a-distancia-despues-de-la-pandemia-de-covid-19\/","title":{"rendered":"Lo que debemos aprender e implementar en la educaci\u00f3n a distancia despu\u00e9s de la pandemia de COVID-19"},"content":{"rendered":"\n<figure class=\"wp-block-image size-full\"><img loading=\"lazy\" decoding=\"async\" width=\"723\" height=\"482\" src=\"https:\/\/madeleinegalvan.teoriavirtual.com\/wp-content\/uploads\/2024\/01\/LapandemiaporCOVID-19cambiC3B3laindustriadelaeducaciC3B3nparasiempre.jpeg\" alt=\"\" class=\"wp-image-156\" srcset=\"https:\/\/madeleinegalvan.teoriavirtual.com\/wp-content\/uploads\/2024\/01\/LapandemiaporCOVID-19cambiC3B3laindustriadelaeducaciC3B3nparasiempre.jpeg 723w, https:\/\/madeleinegalvan.teoriavirtual.com\/wp-content\/uploads\/2024\/01\/LapandemiaporCOVID-19cambiC3B3laindustriadelaeducaciC3B3nparasiempre-480x320.jpeg 480w\" sizes=\"auto, (min-width: 0px) and (max-width: 480px) 480px, (min-width: 481px) 723px, 100vw\" \/><\/figure>\n\n\n\n<p>El uso y desarrollo de las TICs en la educaci\u00f3n han roto barreras de proporcionar al alumno una educaci\u00f3n tradicional. La realidad de tener que adaptarse a una nueva normalidad, nos llev\u00f3 a modificar la forma en c\u00f3mo educamos a los estudiantes.<\/p>\n\n\n\n<p>Ha sido necesario adaptar los modelos educativos a nuevos m\u00e9todos para permitir la impartici\u00f3n de clases de forma remota, haciendo necesario el uso de herramientas de tecnolog\u00eda educativa para lograrlo.<\/p>\n\n\n\n<p>Gracias a esto, actualmente contamos con nuevas metodolog\u00edas activas, tecnol\u00f3gicas y siempre contando con el trabajo colaborativo, elemento crucial de la educaci\u00f3n del siglo XXI.<\/p>\n\n\n\n<p>La adaptaci\u00f3n, innovaci\u00f3n, el pensamiento cr\u00edtico y anal\u00edtico aunados a la colaboraci\u00f3n entre pares en un ambiente de tecnolog\u00eda producir\u00e1 ciudadanos libres y pensantes.<\/p>\n\n\n\n<p>La educaci\u00f3n remota de emergencia permiti\u00f3 a muchos estudiantes continuar sus estudios.Las investigaciones realizadas durante la pandemia no son una soluci\u00f3n fiable a largo plazo. En el futuro, es imperativo desarrollar estrategias educativas sostenibles que puedan manejar los desaf\u00edos e incertidumbres de la sociedad contempor\u00e1nea'&#8221;Johnson, Veletsianos y Seaman son ejemplos de otros escenarios comparables que podr\u00edan ocurrir en el futuro ya sea continuo o intermitente, el proceso de confinamiento se puede realizar completamente para evitar situaciones similar a los traum\u00e1ticos acontecimientos de 2020&#8242; tales como deserci\u00f3n o des\u00e1nimos en estudiantes, escasez de sistemas de apoyo y tutor\u00eda al estudiante que supongan motivaci\u00f3n para la participaci\u00f3n, la permanencia, soporte para la resoluci\u00f3n de problemas acad\u00e9micos y psicol\u00f3gicos, falta de un modelo m\u00e1s consolidado de evaluaci\u00f3n formativa y continua, etc.&nbsp;<\/p>\n\n\n\n<p>La educaci\u00f3n debe ser concebida como un proceso en constante evoluci\u00f3n, independientemente de su modalidad, adapt\u00e1ndose a las necesidades cambiantes de los alumnos y la sociedad. En este sentido, los educadores tienen la responsabilidad de ajustarse a cualquier cambio posible para lograr un progreso equitativo. La pandemia ha marcado un cambio significativo en la educaci\u00f3n, revelando tanto mejoras como desaf\u00edos durante la segunda d\u00e9cada del siglo actual. Es crucial reconocer las oportunidades surgidas para garantizar que la educaci\u00f3n contin\u00fae sin obst\u00e1culos frente a problemas globales.<\/p>\n\n\n\n<p>La modalidad a distancia, previamente subestimada, ha encontrado una oportunidad de renacer durante la pandemia. Su persistencia se debe en gran medida a su flexibilidad, permitiendo a los estudiantes estudiar en momentos dif\u00edciles, ya sea por problemas de horario o de salud. Es esencial repensar el enfoque educativo, considerando a los estudiantes como participantes activos en lugar de meros repetidores. Se debe fomentar un enfoque comunitario y menos vertical, donde cada contribuci\u00f3n sea valiosa, y se abran opciones igualmente v\u00e1lidas que ampl\u00eden la oferta educativa.<\/p>\n\n\n\n<p>La identidad individual se ha vuelto crucial en la generaci\u00f3n actual, y se sugiere aprovechar esta caracter\u00edstica promoviendo clases donde los alumnos aprendan haciendo. Sin embargo, se destaca la necesidad de guiar a los estudiantes en el uso de herramientas educativas, ya que el contexto cambia, y el objetivo no es solo la comunicaci\u00f3n o el entretenimiento, sino tambi\u00e9n el aprendizaje de contenido y el desarrollo de habilidades. La autogesti\u00f3n se presenta como una habilidad clave, manifest\u00e1ndose en la autodisciplina, el autoaprendizaje, el an\u00e1lisis cr\u00edtico y reflexivo, as\u00ed como el trabajo colaborativo, que contribuye a la conciencia de las acciones de los estudiantes (Rugeles, Mora y Metaute, 2015).<\/p>\n\n\n\n<p><\/p>\n\n\n\n<p><strong>\ud83d\udcbb Referencias:<\/strong><\/p>\n\n\n\n<p>Castillo, L. M. (2020). <em>Lo que la pandemia nos ense\u00f1\u00f3 sobre la educaci\u00f3n a distancia<\/em>. <a href=\"https:\/\/www.redalyc.org\/journal\/270\/27063237028\/html\/\">https:\/\/www.redalyc.org\/journal\/270\/27063237028\/html\/<\/a><\/p>\n","protected":false},"excerpt":{"rendered":"<p>El uso y desarrollo de las TICs en la educaci\u00f3n han roto barreras de proporcionar al alumno una educaci\u00f3n tradicional. La realidad de tener que adaptarse a una nueva normalidad, nos llev\u00f3 a modificar la forma en c\u00f3mo educamos a los estudiantes. Ha sido necesario adaptar los modelos educativos a nuevos m\u00e9todos para permitir la [&hellip;]<\/p>\n","protected":false},"author":2,"featured_media":156,"comment_status":"open","ping_status":"closed","sticky":false,"template":"","format":"standard","meta":{"_et_pb_use_builder":"off","_et_pb_old_content":"","_et_gb_content_width":"","footnotes":""},"categories":[1],"tags":[],"class_list":["post-177","post","type-post","status-publish","format-standard","has-post-thumbnail","hentry","category-sin-categoria"],"_links":{"self":[{"href":"https:\/\/madeleinegalvan.teoriavirtual.com\/index.php\/wp-json\/wp\/v2\/posts\/177","targetHints":{"allow":["GET"]}}],"collection":[{"href":"https:\/\/madeleinegalvan.teoriavirtual.com\/index.php\/wp-json\/wp\/v2\/posts"}],"about":[{"href":"https:\/\/madeleinegalvan.teoriavirtual.com\/index.php\/wp-json\/wp\/v2\/types\/post"}],"author":[{"embeddable":true,"href":"https:\/\/madeleinegalvan.teoriavirtual.com\/index.php\/wp-json\/wp\/v2\/users\/2"}],"replies":[{"embeddable":true,"href":"https:\/\/madeleinegalvan.teoriavirtual.com\/index.php\/wp-json\/wp\/v2\/comments?post=177"}],"version-history":[{"count":1,"href":"https:\/\/madeleinegalvan.teoriavirtual.com\/index.php\/wp-json\/wp\/v2\/posts\/177\/revisions"}],"predecessor-version":[{"id":178,"href":"https:\/\/madeleinegalvan.teoriavirtual.com\/index.php\/wp-json\/wp\/v2\/posts\/177\/revisions\/178"}],"wp:featuredmedia":[{"embeddable":true,"href":"https:\/\/madeleinegalvan.teoriavirtual.com\/index.php\/wp-json\/wp\/v2\/media\/156"}],"wp:attachment":[{"href":"https:\/\/madeleinegalvan.teoriavirtual.com\/index.php\/wp-json\/wp\/v2\/media?parent=177"}],"wp:term":[{"taxonomy":"category","embeddable":true,"href":"https:\/\/madeleinegalvan.teoriavirtual.com\/index.php\/wp-json\/wp\/v2\/categories?post=177"},{"taxonomy":"post_tag","embeddable":true,"href":"https:\/\/madeleinegalvan.teoriavirtual.com\/index.php\/wp-json\/wp\/v2\/tags?post=177"}],"curies":[{"name":"wp","href":"https:\/\/api.w.org\/{rel}","templated":true}]}}